{"id":3943,"date":"2021-10-04T11:38:03","date_gmt":"2021-10-04T09:38:03","guid":{"rendered":"https:\/\/www.poplawskagroup.pl\/womens-day-at-clarena\/"},"modified":"2021-10-04T11:40:20","modified_gmt":"2021-10-04T09:40:20","slug":"womens-day-at-clarena","status":"publish","type":"post","link":"https:\/\/www.poplawskagroup.pl\/en\/womens-day-at-clarena\/","title":{"rendered":"Women\u2019s Day at Clarena"},"content":{"rendered":"<p><strong>On March 8, i.e. Women\u2019s Day, weekly #ClarenaBeautyDay seminars took place at Clarena Training Centres in Wroc\u0142aw and Warsaw. That day a cosmetic gift was waiting for all training participants &#8211; a care kit from the Clarena brand.<\/strong><\/p>\n<p>Free #ClarenaBeautyDay seminars are weekly meetings with knowledge. In Warsaw and Wroc\u0142aw, and from March 15 also in Krak\u00f3w, we hosted beauticians and owners of beauty parlours who wish to constantly expand their knowledge in the field of cosmetology.<\/p>\n<p>Each participant receives a certificate of participation. Guests of our Wroc\u0142aw Training Centre can also get to know our company \u201cfrom the inside\u201d during a tour of the production and laboratory sections.<\/p>\n<p>Next seminars will be held on March 15, 22 and 29. You can sign up at 506 681 618.<\/p>\n","protected":false},"excerpt":{"rendered":"<p>On March 8, i.e. Women\u2019s Day, weekly #ClarenaBeautyDay seminars took place at Clarena Training Centres in Wroc\u0142aw and Warsaw. That [&hellip;]<\/p>\n","protected":false},"author":1,"featured_media":0,"comment_status":"open","ping_status":"open","sticky":false,"template":"","format":"standard","meta":[],"categories":[57],"tags":[],"yoast_head":"<!-- This site is optimized with the Yoast SEO plugin v19.10 - https:\/\/yoast.com\/wordpress\/plugins\/seo\/ -->\n<title>Women\u2019s Day at Clarena - Pop\u0142awska Group<\/title>\n<meta name=\"robots\" content=\"index, follow, max-snippet:-1, max-image-preview:large, max-video-preview:-1\" \/>\n<link rel=\"canonical\" href=\"https:\/\/www.poplawskagroup.pl\/en\/womens-day-at-clarena\/\" \/>\n<meta property=\"og:locale\" content=\"en_US\" \/>\n<meta property=\"og:type\" content=\"article\" \/>\n<meta property=\"og:title\" content=\"Women\u2019s Day at Clarena - Pop\u0142awska Group\" \/>\n<meta property=\"og:description\" content=\"On March 8, i.e. Women\u2019s Day, weekly #ClarenaBeautyDay seminars took place at Clarena Training Centres in Wroc\u0142aw and Warsaw. That [&hellip;]\" \/>\n<meta property=\"og:url\" content=\"https:\/\/www.poplawskagroup.pl\/en\/womens-day-at-clarena\/\" \/>\n<meta property=\"og:site_name\" content=\"Pop\u0142awska Group\" \/>\n<meta property=\"article:published_time\" content=\"2021-10-04T09:38:03+00:00\" \/>\n<meta property=\"article:modified_time\" content=\"2021-10-04T09:40:20+00:00\" \/>\n<meta name=\"author\" content=\"admin\" \/>\n<meta name=\"twitter:card\" content=\"summary_large_image\" \/>\n<meta name=\"twitter:label1\" content=\"Written by\" \/>\n\t<meta name=\"twitter:data1\" content=\"admin\" \/>\n\t<meta name=\"twitter:label2\" content=\"Est. reading time\" \/>\n\t<meta name=\"twitter:data2\" content=\"1 minute\" \/>\n<script type=\"application\/ld+json\" class=\"yoast-schema-graph\">{\"@context\":\"https:\/\/schema.org\",\"@graph\":[{\"@type\":\"WebPage\",\"@id\":\"https:\/\/www.poplawskagroup.pl\/en\/womens-day-at-clarena\/\",\"url\":\"https:\/\/www.poplawskagroup.pl\/en\/womens-day-at-clarena\/\",\"name\":\"Women\u2019s Day at Clarena - Pop\u0142awska Group\",\"isPartOf\":{\"@id\":\"https:\/\/www.poplawskagroup.pl\/#website\"},\"datePublished\":\"2021-10-04T09:38:03+00:00\",\"dateModified\":\"2021-10-04T09:40:20+00:00\",\"author\":{\"@id\":\"https:\/\/www.poplawskagroup.pl\/#\/schema\/person\/7a280fbfae1b39e6ef42c2ac57636cf9\"},\"breadcrumb\":{\"@id\":\"https:\/\/www.poplawskagroup.pl\/en\/womens-day-at-clarena\/#breadcrumb\"},\"inLanguage\":\"en-US\",\"potentialAction\":[{\"@type\":\"ReadAction\",\"target\":[\"https:\/\/www.poplawskagroup.pl\/en\/womens-day-at-clarena\/\"]}]},{\"@type\":\"BreadcrumbList\",\"@id\":\"https:\/\/www.poplawskagroup.pl\/en\/womens-day-at-clarena\/#breadcrumb\",\"itemListElement\":[{\"@type\":\"ListItem\",\"position\":1,\"name\":\"Strona g\u0142\u00f3wna\",\"item\":\"https:\/\/www.poplawskagroup.pl\/en\/\"},{\"@type\":\"ListItem\",\"position\":2,\"name\":\"Women\u2019s Day at Clarena\"}]},{\"@type\":\"WebSite\",\"@id\":\"https:\/\/www.poplawskagroup.pl\/#website\",\"url\":\"https:\/\/www.poplawskagroup.pl\/\",\"name\":\"Pop\u0142awska Group\",\"description\":\"producent kosmetyk\u00f3w profesjonalnych, urz\u0105dze\u0144 kosmetycznych oraz akcesori\u00f3w jednorazowych z ponad 20-letnim do\u015bwiadczeniem\",\"potentialAction\":[{\"@type\":\"SearchAction\",\"target\":{\"@type\":\"EntryPoint\",\"urlTemplate\":\"https:\/\/www.poplawskagroup.pl\/?s={search_term_string}\"},\"query-input\":\"required name=search_term_string\"}],\"inLanguage\":\"en-US\"},{\"@type\":\"Person\",\"@id\":\"https:\/\/www.poplawskagroup.pl\/#\/schema\/person\/7a280fbfae1b39e6ef42c2ac57636cf9\",\"name\":\"admin\",\"image\":{\"@type\":\"ImageObject\",\"inLanguage\":\"en-US\",\"@id\":\"https:\/\/www.poplawskagroup.pl\/#\/schema\/person\/image\/\",\"url\":\"https:\/\/secure.gravatar.com\/avatar\/cfe266e6cb44aa3b8fddfe1d8be51c72?s=96&d=mm&r=g\",\"contentUrl\":\"https:\/\/secure.gravatar.com\/avatar\/cfe266e6cb44aa3b8fddfe1d8be51c72?s=96&d=mm&r=g\",\"caption\":\"admin\"},\"url\":\"https:\/\/www.poplawskagroup.pl\/en\/author\/admin\/\"}]}<\/script>\n<!-- \/ Yoast SEO plugin. -->","yoast_head_json":{"title":"Women\u2019s Day at Clarena - Pop\u0142awska Group","robots":{"index":"index","follow":"follow","max-snippet":"max-snippet:-1","max-image-preview":"max-image-preview:large","max-video-preview":"max-video-preview:-1"},"canonical":"https:\/\/www.poplawskagroup.pl\/en\/womens-day-at-clarena\/","og_locale":"en_US","og_type":"article","og_title":"Women\u2019s Day at Clarena - Pop\u0142awska Group","og_description":"On March 8, i.e. Women\u2019s Day, weekly #ClarenaBeautyDay seminars took place at Clarena Training Centres in Wroc\u0142aw and Warsaw. That [&hellip;]","og_url":"https:\/\/www.poplawskagroup.pl\/en\/womens-day-at-clarena\/","og_site_name":"Pop\u0142awska Group","article_published_time":"2021-10-04T09:38:03+00:00","article_modified_time":"2021-10-04T09:40:20+00:00","author":"admin","twitter_card":"summary_large_image","twitter_misc":{"Written by":"admin","Est. reading time":"1 minute"},"schema":{"@context":"https:\/\/schema.org","@graph":[{"@type":"WebPage","@id":"https:\/\/www.poplawskagroup.pl\/en\/womens-day-at-clarena\/","url":"https:\/\/www.poplawskagroup.pl\/en\/womens-day-at-clarena\/","name":"Women\u2019s Day at Clarena - Pop\u0142awska Group","isPartOf":{"@id":"https:\/\/www.poplawskagroup.pl\/#website"},"datePublished":"2021-10-04T09:38:03+00:00","dateModified":"2021-10-04T09:40:20+00:00","author":{"@id":"https:\/\/www.poplawskagroup.pl\/#\/schema\/person\/7a280fbfae1b39e6ef42c2ac57636cf9"},"breadcrumb":{"@id":"https:\/\/www.poplawskagroup.pl\/en\/womens-day-at-clarena\/#breadcrumb"},"inLanguage":"en-US","potentialAction":[{"@type":"ReadAction","target":["https:\/\/www.poplawskagroup.pl\/en\/womens-day-at-clarena\/"]}]},{"@type":"BreadcrumbList","@id":"https:\/\/www.poplawskagroup.pl\/en\/womens-day-at-clarena\/#breadcrumb","itemListElement":[{"@type":"ListItem","position":1,"name":"Strona g\u0142\u00f3wna","item":"https:\/\/www.poplawskagroup.pl\/en\/"},{"@type":"ListItem","position":2,"name":"Women\u2019s Day at Clarena"}]},{"@type":"WebSite","@id":"https:\/\/www.poplawskagroup.pl\/#website","url":"https:\/\/www.poplawskagroup.pl\/","name":"Pop\u0142awska Group","description":"producent kosmetyk\u00f3w profesjonalnych, urz\u0105dze\u0144 kosmetycznych oraz akcesori\u00f3w jednorazowych z ponad 20-letnim do\u015bwiadczeniem","potentialAction":[{"@type":"SearchAction","target":{"@type":"EntryPoint","urlTemplate":"https:\/\/www.poplawskagroup.pl\/?s={search_term_string}"},"query-input":"required name=search_term_string"}],"inLanguage":"en-US"},{"@type":"Person","@id":"https:\/\/www.poplawskagroup.pl\/#\/schema\/person\/7a280fbfae1b39e6ef42c2ac57636cf9","name":"admin","image":{"@type":"ImageObject","inLanguage":"en-US","@id":"https:\/\/www.poplawskagroup.pl\/#\/schema\/person\/image\/","url":"https:\/\/secure.gravatar.com\/avatar\/cfe266e6cb44aa3b8fddfe1d8be51c72?s=96&d=mm&r=g","contentUrl":"https:\/\/secure.gravatar.com\/avatar\/cfe266e6cb44aa3b8fddfe1d8be51c72?s=96&d=mm&r=g","caption":"admin"},"url":"https:\/\/www.poplawskagroup.pl\/en\/author\/admin\/"}]}},"_links":{"self":[{"href":"https:\/\/www.poplawskagroup.pl\/en\/wp-json\/wp\/v2\/posts\/3943"}],"collection":[{"href":"https:\/\/www.poplawskagroup.pl\/en\/wp-json\/wp\/v2\/posts"}],"about":[{"href":"https:\/\/www.poplawskagroup.pl\/en\/wp-json\/wp\/v2\/types\/post"}],"author":[{"embeddable":true,"href":"https:\/\/www.poplawskagroup.pl\/en\/wp-json\/wp\/v2\/users\/1"}],"replies":[{"embeddable":true,"href":"https:\/\/www.poplawskagroup.pl\/en\/wp-json\/wp\/v2\/comments?post=3943"}],"version-history":[{"count":1,"href":"https:\/\/www.poplawskagroup.pl\/en\/wp-json\/wp\/v2\/posts\/3943\/revisions"}],"predecessor-version":[{"id":3944,"href":"https:\/\/www.poplawskagroup.pl\/en\/wp-json\/wp\/v2\/posts\/3943\/revisions\/3944"}],"wp:attachment":[{"href":"https:\/\/www.poplawskagroup.pl\/en\/wp-json\/wp\/v2\/media?parent=3943"}],"wp:term":[{"taxonomy":"category","embeddable":true,"href":"https:\/\/www.poplawskagroup.pl\/en\/wp-json\/wp\/v2\/categories?post=3943"},{"taxonomy":"post_tag","embeddable":true,"href":"https:\/\/www.poplawskagroup.pl\/en\/wp-json\/wp\/v2\/tags?post=3943"}],"curies":[{"name":"wp","href":"https:\/\/api.w.org\/{rel}","templated":true}]}}