{"id":3670,"date":"2021-03-15T13:47:55","date_gmt":"2021-03-15T12:47:55","guid":{"rendered":"https:\/\/www.poplawskagroup.pl\/opening-of-the-clarena-sales-showroom-in-krakow\/"},"modified":"2021-03-15T13:59:59","modified_gmt":"2021-03-15T12:59:59","slug":"opening-of-the-clarena-sales-showroom-in-krakow","status":"publish","type":"post","link":"https:\/\/www.poplawskagroup.pl\/en\/opening-of-the-clarena-sales-showroom-in-krakow\/","title":{"rendered":"Opening of the Clarena Sales Showroom in Krakow"},"content":{"rendered":"<p><strong>On March 10 in Krakow at 5 G\u00f3rna Street, the official opening of the new &#8211; third in Poland &#8211; Clarena Sales Showroom and Training Centre will take place. The first 38 people who purchase Clarena cosmetics on that day will receive a limited edition jar of Hyaluron 3D for free.<br \/>\n<\/strong><\/p>\n<p>The Clarena Sales Showroom and Training Centre will be open from Monday to Friday from 8:00 a.m. to 4:00 p.m. In addition to the possibility of purchasing Clarena products, customers will be able to take advantage of cosmetology advice, consult specialists or test cosmetics and devices from the brand\u2019s offer. At the Clarena Sales Showroom, we offer both an assortment for retail customers and professionals.<\/p>\n<p>In Krakow, as in the company\u2019s headquarters in Wroclaw and in the Clarena Sales Showroom in Warsaw, the Clarena training offer presented at <a href=\"https:\/\/www.clarena.pro\">www.clarena.pro<\/a>will be available and free #clarenabeautyday seminars will be organized. Participants are offered accommodation in the Clarena Apartments. The price list is available when signing up for training.<\/p>\n<p>&nbsp;<\/p>\n<p align=\"center\">Clarena Sales Showroom, Clarena Training Cetre<br \/>\nG\u00f3rna 5 Street<br \/>\nKrakow<br \/>\ntelephone: 782-720-124<\/p>\n","protected":false},"excerpt":{"rendered":"<p>On March 10 in Krakow at 5 G\u00f3rna Street, the official opening of the new &#8211; third in Poland &#8211; [&hellip;]<\/p>\n","protected":false},"author":1,"featured_media":3337,"comment_status":"open","ping_status":"open","sticky":false,"template":"","format":"standard","meta":[],"categories":[57],"tags":[],"yoast_head":"<!-- This site is optimized with the Yoast SEO plugin v19.10 - https:\/\/yoast.com\/wordpress\/plugins\/seo\/ -->\n<title>Opening of the Clarena Sales Showroom in Krakow - Pop\u0142awska Group<\/title>\n<meta name=\"robots\" content=\"index, follow, max-snippet:-1, max-image-preview:large, max-video-preview:-1\" \/>\n<link rel=\"canonical\" href=\"https:\/\/www.poplawskagroup.pl\/en\/opening-of-the-clarena-sales-showroom-in-krakow\/\" \/>\n<meta property=\"og:locale\" content=\"en_US\" \/>\n<meta property=\"og:type\" content=\"article\" \/>\n<meta property=\"og:title\" content=\"Opening of the Clarena Sales Showroom in Krakow - Pop\u0142awska Group\" \/>\n<meta property=\"og:description\" content=\"On March 10 in Krakow at 5 G\u00f3rna Street, the official opening of the new &#8211; third in Poland &#8211; [&hellip;]\" \/>\n<meta property=\"og:url\" content=\"https:\/\/www.poplawskagroup.pl\/en\/opening-of-the-clarena-sales-showroom-in-krakow\/\" \/>\n<meta property=\"og:site_name\" content=\"Pop\u0142awska Group\" \/>\n<meta property=\"article:published_time\" content=\"2021-03-15T12:47:55+00:00\" \/>\n<meta property=\"article:modified_time\" content=\"2021-03-15T12:59:59+00:00\" \/>\n<meta property=\"og:image\" content=\"https:\/\/www.poplawskagroup.pl\/wp-content\/uploads\/2021\/03\/salon-firmowy-krakow-800x532-1.jpg\" \/>\n\t<meta property=\"og:image:width\" content=\"800\" \/>\n\t<meta property=\"og:image:height\" content=\"532\" \/>\n\t<meta property=\"og:image:type\" content=\"image\/jpeg\" \/>\n<meta name=\"author\" content=\"admin\" \/>\n<meta name=\"twitter:card\" content=\"summary_large_image\" \/>\n<meta name=\"twitter:label1\" content=\"Written by\" \/>\n\t<meta name=\"twitter:data1\" content=\"admin\" \/>\n\t<meta name=\"twitter:label2\" content=\"Est. reading time\" \/>\n\t<meta name=\"twitter:data2\" content=\"1 minute\" \/>\n<script type=\"application\/ld+json\" class=\"yoast-schema-graph\">{\"@context\":\"https:\/\/schema.org\",\"@graph\":[{\"@type\":\"WebPage\",\"@id\":\"https:\/\/www.poplawskagroup.pl\/en\/opening-of-the-clarena-sales-showroom-in-krakow\/\",\"url\":\"https:\/\/www.poplawskagroup.pl\/en\/opening-of-the-clarena-sales-showroom-in-krakow\/\",\"name\":\"Opening of the Clarena Sales Showroom in Krakow - Pop\u0142awska Group\",\"isPartOf\":{\"@id\":\"https:\/\/www.poplawskagroup.pl\/#website\"},\"datePublished\":\"2021-03-15T12:47:55+00:00\",\"dateModified\":\"2021-03-15T12:59:59+00:00\",\"author\":{\"@id\":\"https:\/\/www.poplawskagroup.pl\/#\/schema\/person\/7a280fbfae1b39e6ef42c2ac57636cf9\"},\"breadcrumb\":{\"@id\":\"https:\/\/www.poplawskagroup.pl\/en\/opening-of-the-clarena-sales-showroom-in-krakow\/#breadcrumb\"},\"inLanguage\":\"en-US\",\"potentialAction\":[{\"@type\":\"ReadAction\",\"target\":[\"https:\/\/www.poplawskagroup.pl\/en\/opening-of-the-clarena-sales-showroom-in-krakow\/\"]}]},{\"@type\":\"BreadcrumbList\",\"@id\":\"https:\/\/www.poplawskagroup.pl\/en\/opening-of-the-clarena-sales-showroom-in-krakow\/#breadcrumb\",\"itemListElement\":[{\"@type\":\"ListItem\",\"position\":1,\"name\":\"Strona g\u0142\u00f3wna\",\"item\":\"https:\/\/www.poplawskagroup.pl\/en\/\"},{\"@type\":\"ListItem\",\"position\":2,\"name\":\"Opening of the Clarena Sales Showroom in Krakow\"}]},{\"@type\":\"WebSite\",\"@id\":\"https:\/\/www.poplawskagroup.pl\/#website\",\"url\":\"https:\/\/www.poplawskagroup.pl\/\",\"name\":\"Pop\u0142awska Group\",\"description\":\"producent kosmetyk\u00f3w profesjonalnych, urz\u0105dze\u0144 kosmetycznych oraz akcesori\u00f3w jednorazowych z ponad 20-letnim do\u015bwiadczeniem\",\"potentialAction\":[{\"@type\":\"SearchAction\",\"target\":{\"@type\":\"EntryPoint\",\"urlTemplate\":\"https:\/\/www.poplawskagroup.pl\/?s={search_term_string}\"},\"query-input\":\"required name=search_term_string\"}],\"inLanguage\":\"en-US\"},{\"@type\":\"Person\",\"@id\":\"https:\/\/www.poplawskagroup.pl\/#\/schema\/person\/7a280fbfae1b39e6ef42c2ac57636cf9\",\"name\":\"admin\",\"image\":{\"@type\":\"ImageObject\",\"inLanguage\":\"en-US\",\"@id\":\"https:\/\/www.poplawskagroup.pl\/#\/schema\/person\/image\/\",\"url\":\"https:\/\/secure.gravatar.com\/avatar\/cfe266e6cb44aa3b8fddfe1d8be51c72?s=96&d=mm&r=g\",\"contentUrl\":\"https:\/\/secure.gravatar.com\/avatar\/cfe266e6cb44aa3b8fddfe1d8be51c72?s=96&d=mm&r=g\",\"caption\":\"admin\"},\"url\":\"https:\/\/www.poplawskagroup.pl\/en\/author\/admin\/\"}]}<\/script>\n<!-- \/ Yoast SEO plugin. -->","yoast_head_json":{"title":"Opening of the Clarena Sales Showroom in Krakow - Pop\u0142awska Group","robots":{"index":"index","follow":"follow","max-snippet":"max-snippet:-1","max-image-preview":"max-image-preview:large","max-video-preview":"max-video-preview:-1"},"canonical":"https:\/\/www.poplawskagroup.pl\/en\/opening-of-the-clarena-sales-showroom-in-krakow\/","og_locale":"en_US","og_type":"article","og_title":"Opening of the Clarena Sales Showroom in Krakow - Pop\u0142awska Group","og_description":"On March 10 in Krakow at 5 G\u00f3rna Street, the official opening of the new &#8211; third in Poland &#8211; [&hellip;]","og_url":"https:\/\/www.poplawskagroup.pl\/en\/opening-of-the-clarena-sales-showroom-in-krakow\/","og_site_name":"Pop\u0142awska Group","article_published_time":"2021-03-15T12:47:55+00:00","article_modified_time":"2021-03-15T12:59:59+00:00","og_image":[{"width":800,"height":532,"url":"https:\/\/www.poplawskagroup.pl\/wp-content\/uploads\/2021\/03\/salon-firmowy-krakow-800x532-1.jpg","type":"image\/jpeg"}],"author":"admin","twitter_card":"summary_large_image","twitter_misc":{"Written by":"admin","Est. reading time":"1 minute"},"schema":{"@context":"https:\/\/schema.org","@graph":[{"@type":"WebPage","@id":"https:\/\/www.poplawskagroup.pl\/en\/opening-of-the-clarena-sales-showroom-in-krakow\/","url":"https:\/\/www.poplawskagroup.pl\/en\/opening-of-the-clarena-sales-showroom-in-krakow\/","name":"Opening of the Clarena Sales Showroom in Krakow - Pop\u0142awska Group","isPartOf":{"@id":"https:\/\/www.poplawskagroup.pl\/#website"},"datePublished":"2021-03-15T12:47:55+00:00","dateModified":"2021-03-15T12:59:59+00:00","author":{"@id":"https:\/\/www.poplawskagroup.pl\/#\/schema\/person\/7a280fbfae1b39e6ef42c2ac57636cf9"},"breadcrumb":{"@id":"https:\/\/www.poplawskagroup.pl\/en\/opening-of-the-clarena-sales-showroom-in-krakow\/#breadcrumb"},"inLanguage":"en-US","potentialAction":[{"@type":"ReadAction","target":["https:\/\/www.poplawskagroup.pl\/en\/opening-of-the-clarena-sales-showroom-in-krakow\/"]}]},{"@type":"BreadcrumbList","@id":"https:\/\/www.poplawskagroup.pl\/en\/opening-of-the-clarena-sales-showroom-in-krakow\/#breadcrumb","itemListElement":[{"@type":"ListItem","position":1,"name":"Strona g\u0142\u00f3wna","item":"https:\/\/www.poplawskagroup.pl\/en\/"},{"@type":"ListItem","position":2,"name":"Opening of the Clarena Sales Showroom in Krakow"}]},{"@type":"WebSite","@id":"https:\/\/www.poplawskagroup.pl\/#website","url":"https:\/\/www.poplawskagroup.pl\/","name":"Pop\u0142awska Group","description":"producent kosmetyk\u00f3w profesjonalnych, urz\u0105dze\u0144 kosmetycznych oraz akcesori\u00f3w jednorazowych z ponad 20-letnim do\u015bwiadczeniem","potentialAction":[{"@type":"SearchAction","target":{"@type":"EntryPoint","urlTemplate":"https:\/\/www.poplawskagroup.pl\/?s={search_term_string}"},"query-input":"required name=search_term_string"}],"inLanguage":"en-US"},{"@type":"Person","@id":"https:\/\/www.poplawskagroup.pl\/#\/schema\/person\/7a280fbfae1b39e6ef42c2ac57636cf9","name":"admin","image":{"@type":"ImageObject","inLanguage":"en-US","@id":"https:\/\/www.poplawskagroup.pl\/#\/schema\/person\/image\/","url":"https:\/\/secure.gravatar.com\/avatar\/cfe266e6cb44aa3b8fddfe1d8be51c72?s=96&d=mm&r=g","contentUrl":"https:\/\/secure.gravatar.com\/avatar\/cfe266e6cb44aa3b8fddfe1d8be51c72?s=96&d=mm&r=g","caption":"admin"},"url":"https:\/\/www.poplawskagroup.pl\/en\/author\/admin\/"}]}},"_links":{"self":[{"href":"https:\/\/www.poplawskagroup.pl\/en\/wp-json\/wp\/v2\/posts\/3670"}],"collection":[{"href":"https:\/\/www.poplawskagroup.pl\/en\/wp-json\/wp\/v2\/posts"}],"about":[{"href":"https:\/\/www.poplawskagroup.pl\/en\/wp-json\/wp\/v2\/types\/post"}],"author":[{"embeddable":true,"href":"https:\/\/www.poplawskagroup.pl\/en\/wp-json\/wp\/v2\/users\/1"}],"replies":[{"embeddable":true,"href":"https:\/\/www.poplawskagroup.pl\/en\/wp-json\/wp\/v2\/comments?post=3670"}],"version-history":[{"count":1,"href":"https:\/\/www.poplawskagroup.pl\/en\/wp-json\/wp\/v2\/posts\/3670\/revisions"}],"predecessor-version":[{"id":3682,"href":"https:\/\/www.poplawskagroup.pl\/en\/wp-json\/wp\/v2\/posts\/3670\/revisions\/3682"}],"wp:featuredmedia":[{"embeddable":true,"href":"https:\/\/www.poplawskagroup.pl\/en\/wp-json\/wp\/v2\/media\/3337"}],"wp:attachment":[{"href":"https:\/\/www.poplawskagroup.pl\/en\/wp-json\/wp\/v2\/media?parent=3670"}],"wp:term":[{"taxonomy":"category","embeddable":true,"href":"https:\/\/www.poplawskagroup.pl\/en\/wp-json\/wp\/v2\/categories?post=3670"},{"taxonomy":"post_tag","embeddable":true,"href":"https:\/\/www.poplawskagroup.pl\/en\/wp-json\/wp\/v2\/tags?post=3670"}],"curies":[{"name":"wp","href":"https:\/\/api.w.org\/{rel}","templated":true}]}}