{"id":3660,"date":"2021-03-15T13:42:31","date_gmt":"2021-03-15T12:42:31","guid":{"rendered":"https:\/\/www.poplawskagroup.pl\/poplawska-group-says-goodbye-to-the-yvette-brand\/"},"modified":"2021-03-15T13:53:41","modified_gmt":"2021-03-15T12:53:41","slug":"poplawska-group-says-goodbye-to-the-yvette-brand","status":"publish","type":"post","link":"https:\/\/www.poplawskagroup.pl\/en\/poplawska-group-says-goodbye-to-the-yvette-brand\/","title":{"rendered":"Poplawska Group says goodbye to the Yvette brand"},"content":{"rendered":"<p>Please be advised that from November 2 it will no longer be possible to purchase Yvette cosmetics in online stores and Clarena Sales Showrooms. This does not mean, however, that the cosmetics will cease to be available &#8211; the brand and sales rights are taken over by Yvette Laboratory Sp. z o.o.<\/p>\n<p>With a heavy heart, we part with French cosmetics that our customers have fallen in love with, but we have no doubt that the YVETTE brand is in good hands and will continue to bring joy to thousands of customers, not only in Poland. The YVETTE brand is a response to the needs of customers who expect luxurious care both in beauty parlours and at home. The high concentration of active ingredients and fragrances inspired by French perfumes are the strength hidden in YVETTE cosmetics.<\/p>\n<p>What distinguishes YVETTE cosmetics from other brands is the possibility of introducing treatments performed with the use of high-quality luxury products to beauty parlours, as well as continuing care at home with the use of dedicated cosmetics. Another advantage is the crystal clear water from the Swiss Lipobelle Glacier used in their production, which restores the skin\u2019s natural glow and youthful appearance.<\/p>\n<p>We encourage you to follow the website <a href=\"http:\/\/www.yvettelab.pl\">www.yvettelab.pl<\/a>. In all matters related to the Yvette brand, please contact directly: <a href=\"mailto:yvette@yvettelab.pl\">yvette@yvettelab.pl<\/a>.<\/p>\n","protected":false},"excerpt":{"rendered":"<p>Please be advised that from November 2 it will no longer be possible to purchase Yvette cosmetics in online stores [&hellip;]<\/p>\n","protected":false},"author":1,"featured_media":3661,"comment_status":"open","ping_status":"open","sticky":false,"template":"","format":"standard","meta":[],"categories":[57],"tags":[],"yoast_head":"<!-- This site is optimized with the Yoast SEO plugin v19.10 - https:\/\/yoast.com\/wordpress\/plugins\/seo\/ -->\n<title>Poplawska Group says goodbye to the Yvette brand - Pop\u0142awska Group<\/title>\n<meta name=\"robots\" content=\"index, follow, max-snippet:-1, max-image-preview:large, max-video-preview:-1\" \/>\n<link rel=\"canonical\" href=\"https:\/\/www.poplawskagroup.pl\/en\/poplawska-group-says-goodbye-to-the-yvette-brand\/\" \/>\n<meta property=\"og:locale\" content=\"en_US\" \/>\n<meta property=\"og:type\" content=\"article\" \/>\n<meta property=\"og:title\" content=\"Poplawska Group says goodbye to the Yvette brand - Pop\u0142awska Group\" \/>\n<meta property=\"og:description\" content=\"Please be advised that from November 2 it will no longer be possible to purchase Yvette cosmetics in online stores [&hellip;]\" \/>\n<meta property=\"og:url\" content=\"https:\/\/www.poplawskagroup.pl\/en\/poplawska-group-says-goodbye-to-the-yvette-brand\/\" \/>\n<meta property=\"og:site_name\" content=\"Pop\u0142awska Group\" \/>\n<meta property=\"article:published_time\" content=\"2021-03-15T12:42:31+00:00\" \/>\n<meta property=\"article:modified_time\" content=\"2021-03-15T12:53:41+00:00\" \/>\n<meta property=\"og:image\" content=\"https:\/\/www.poplawskagroup.pl\/wp-content\/uploads\/2020\/11\/YVETTE_aktualnosci_CLARENA.jpg\" \/>\n\t<meta property=\"og:image:width\" content=\"465\" \/>\n\t<meta property=\"og:image:height\" content=\"320\" \/>\n\t<meta property=\"og:image:type\" content=\"image\/jpeg\" \/>\n<meta name=\"author\" content=\"admin\" \/>\n<meta name=\"twitter:card\" content=\"summary_large_image\" \/>\n<meta name=\"twitter:label1\" content=\"Written by\" \/>\n\t<meta name=\"twitter:data1\" content=\"admin\" \/>\n\t<meta name=\"twitter:label2\" content=\"Est. reading time\" \/>\n\t<meta name=\"twitter:data2\" content=\"1 minute\" \/>\n<script type=\"application\/ld+json\" class=\"yoast-schema-graph\">{\"@context\":\"https:\/\/schema.org\",\"@graph\":[{\"@type\":\"WebPage\",\"@id\":\"https:\/\/www.poplawskagroup.pl\/en\/poplawska-group-says-goodbye-to-the-yvette-brand\/\",\"url\":\"https:\/\/www.poplawskagroup.pl\/en\/poplawska-group-says-goodbye-to-the-yvette-brand\/\",\"name\":\"Poplawska Group says goodbye to the Yvette brand - Pop\u0142awska Group\",\"isPartOf\":{\"@id\":\"https:\/\/www.poplawskagroup.pl\/#website\"},\"datePublished\":\"2021-03-15T12:42:31+00:00\",\"dateModified\":\"2021-03-15T12:53:41+00:00\",\"author\":{\"@id\":\"https:\/\/www.poplawskagroup.pl\/#\/schema\/person\/7a280fbfae1b39e6ef42c2ac57636cf9\"},\"breadcrumb\":{\"@id\":\"https:\/\/www.poplawskagroup.pl\/en\/poplawska-group-says-goodbye-to-the-yvette-brand\/#breadcrumb\"},\"inLanguage\":\"en-US\",\"potentialAction\":[{\"@type\":\"ReadAction\",\"target\":[\"https:\/\/www.poplawskagroup.pl\/en\/poplawska-group-says-goodbye-to-the-yvette-brand\/\"]}]},{\"@type\":\"BreadcrumbList\",\"@id\":\"https:\/\/www.poplawskagroup.pl\/en\/poplawska-group-says-goodbye-to-the-yvette-brand\/#breadcrumb\",\"itemListElement\":[{\"@type\":\"ListItem\",\"position\":1,\"name\":\"Strona g\u0142\u00f3wna\",\"item\":\"https:\/\/www.poplawskagroup.pl\/en\/\"},{\"@type\":\"ListItem\",\"position\":2,\"name\":\"Poplawska Group says goodbye to the Yvette brand\"}]},{\"@type\":\"WebSite\",\"@id\":\"https:\/\/www.poplawskagroup.pl\/#website\",\"url\":\"https:\/\/www.poplawskagroup.pl\/\",\"name\":\"Pop\u0142awska Group\",\"description\":\"producent kosmetyk\u00f3w profesjonalnych, urz\u0105dze\u0144 kosmetycznych oraz akcesori\u00f3w jednorazowych z ponad 20-letnim do\u015bwiadczeniem\",\"potentialAction\":[{\"@type\":\"SearchAction\",\"target\":{\"@type\":\"EntryPoint\",\"urlTemplate\":\"https:\/\/www.poplawskagroup.pl\/?s={search_term_string}\"},\"query-input\":\"required name=search_term_string\"}],\"inLanguage\":\"en-US\"},{\"@type\":\"Person\",\"@id\":\"https:\/\/www.poplawskagroup.pl\/#\/schema\/person\/7a280fbfae1b39e6ef42c2ac57636cf9\",\"name\":\"admin\",\"image\":{\"@type\":\"ImageObject\",\"inLanguage\":\"en-US\",\"@id\":\"https:\/\/www.poplawskagroup.pl\/#\/schema\/person\/image\/\",\"url\":\"https:\/\/secure.gravatar.com\/avatar\/cfe266e6cb44aa3b8fddfe1d8be51c72?s=96&d=mm&r=g\",\"contentUrl\":\"https:\/\/secure.gravatar.com\/avatar\/cfe266e6cb44aa3b8fddfe1d8be51c72?s=96&d=mm&r=g\",\"caption\":\"admin\"},\"url\":\"https:\/\/www.poplawskagroup.pl\/en\/author\/admin\/\"}]}<\/script>\n<!-- \/ Yoast SEO plugin. -->","yoast_head_json":{"title":"Poplawska Group says goodbye to the Yvette brand - Pop\u0142awska Group","robots":{"index":"index","follow":"follow","max-snippet":"max-snippet:-1","max-image-preview":"max-image-preview:large","max-video-preview":"max-video-preview:-1"},"canonical":"https:\/\/www.poplawskagroup.pl\/en\/poplawska-group-says-goodbye-to-the-yvette-brand\/","og_locale":"en_US","og_type":"article","og_title":"Poplawska Group says goodbye to the Yvette brand - Pop\u0142awska Group","og_description":"Please be advised that from November 2 it will no longer be possible to purchase Yvette cosmetics in online stores [&hellip;]","og_url":"https:\/\/www.poplawskagroup.pl\/en\/poplawska-group-says-goodbye-to-the-yvette-brand\/","og_site_name":"Pop\u0142awska Group","article_published_time":"2021-03-15T12:42:31+00:00","article_modified_time":"2021-03-15T12:53:41+00:00","og_image":[{"width":465,"height":320,"url":"https:\/\/www.poplawskagroup.pl\/wp-content\/uploads\/2020\/11\/YVETTE_aktualnosci_CLARENA.jpg","type":"image\/jpeg"}],"author":"admin","twitter_card":"summary_large_image","twitter_misc":{"Written by":"admin","Est. reading time":"1 minute"},"schema":{"@context":"https:\/\/schema.org","@graph":[{"@type":"WebPage","@id":"https:\/\/www.poplawskagroup.pl\/en\/poplawska-group-says-goodbye-to-the-yvette-brand\/","url":"https:\/\/www.poplawskagroup.pl\/en\/poplawska-group-says-goodbye-to-the-yvette-brand\/","name":"Poplawska Group says goodbye to the Yvette brand - Pop\u0142awska Group","isPartOf":{"@id":"https:\/\/www.poplawskagroup.pl\/#website"},"datePublished":"2021-03-15T12:42:31+00:00","dateModified":"2021-03-15T12:53:41+00:00","author":{"@id":"https:\/\/www.poplawskagroup.pl\/#\/schema\/person\/7a280fbfae1b39e6ef42c2ac57636cf9"},"breadcrumb":{"@id":"https:\/\/www.poplawskagroup.pl\/en\/poplawska-group-says-goodbye-to-the-yvette-brand\/#breadcrumb"},"inLanguage":"en-US","potentialAction":[{"@type":"ReadAction","target":["https:\/\/www.poplawskagroup.pl\/en\/poplawska-group-says-goodbye-to-the-yvette-brand\/"]}]},{"@type":"BreadcrumbList","@id":"https:\/\/www.poplawskagroup.pl\/en\/poplawska-group-says-goodbye-to-the-yvette-brand\/#breadcrumb","itemListElement":[{"@type":"ListItem","position":1,"name":"Strona g\u0142\u00f3wna","item":"https:\/\/www.poplawskagroup.pl\/en\/"},{"@type":"ListItem","position":2,"name":"Poplawska Group says goodbye to the Yvette brand"}]},{"@type":"WebSite","@id":"https:\/\/www.poplawskagroup.pl\/#website","url":"https:\/\/www.poplawskagroup.pl\/","name":"Pop\u0142awska Group","description":"producent kosmetyk\u00f3w profesjonalnych, urz\u0105dze\u0144 kosmetycznych oraz akcesori\u00f3w jednorazowych z ponad 20-letnim do\u015bwiadczeniem","potentialAction":[{"@type":"SearchAction","target":{"@type":"EntryPoint","urlTemplate":"https:\/\/www.poplawskagroup.pl\/?s={search_term_string}"},"query-input":"required name=search_term_string"}],"inLanguage":"en-US"},{"@type":"Person","@id":"https:\/\/www.poplawskagroup.pl\/#\/schema\/person\/7a280fbfae1b39e6ef42c2ac57636cf9","name":"admin","image":{"@type":"ImageObject","inLanguage":"en-US","@id":"https:\/\/www.poplawskagroup.pl\/#\/schema\/person\/image\/","url":"https:\/\/secure.gravatar.com\/avatar\/cfe266e6cb44aa3b8fddfe1d8be51c72?s=96&d=mm&r=g","contentUrl":"https:\/\/secure.gravatar.com\/avatar\/cfe266e6cb44aa3b8fddfe1d8be51c72?s=96&d=mm&r=g","caption":"admin"},"url":"https:\/\/www.poplawskagroup.pl\/en\/author\/admin\/"}]}},"_links":{"self":[{"href":"https:\/\/www.poplawskagroup.pl\/en\/wp-json\/wp\/v2\/posts\/3660"}],"collection":[{"href":"https:\/\/www.poplawskagroup.pl\/en\/wp-json\/wp\/v2\/posts"}],"about":[{"href":"https:\/\/www.poplawskagroup.pl\/en\/wp-json\/wp\/v2\/types\/post"}],"author":[{"embeddable":true,"href":"https:\/\/www.poplawskagroup.pl\/en\/wp-json\/wp\/v2\/users\/1"}],"replies":[{"embeddable":true,"href":"https:\/\/www.poplawskagroup.pl\/en\/wp-json\/wp\/v2\/comments?post=3660"}],"version-history":[{"count":1,"href":"https:\/\/www.poplawskagroup.pl\/en\/wp-json\/wp\/v2\/posts\/3660\/revisions"}],"predecessor-version":[{"id":3680,"href":"https:\/\/www.poplawskagroup.pl\/en\/wp-json\/wp\/v2\/posts\/3660\/revisions\/3680"}],"wp:featuredmedia":[{"embeddable":true,"href":"https:\/\/www.poplawskagroup.pl\/en\/wp-json\/wp\/v2\/media\/3661"}],"wp:attachment":[{"href":"https:\/\/www.poplawskagroup.pl\/en\/wp-json\/wp\/v2\/media?parent=3660"}],"wp:term":[{"taxonomy":"category","embeddable":true,"href":"https:\/\/www.poplawskagroup.pl\/en\/wp-json\/wp\/v2\/categories?post=3660"},{"taxonomy":"post_tag","embeddable":true,"href":"https:\/\/www.poplawskagroup.pl\/en\/wp-json\/wp\/v2\/tags?post=3660"}],"curies":[{"name":"wp","href":"https:\/\/api.w.org\/{rel}","templated":true}]}}